[{"@context":"https:\/\/schema.org\/","@type":"Article","@id":"https:\/\/www.vysocan.cz\/spravny-sestrih-udela-den-lepsim\/#Article","mainEntityOfPage":"https:\/\/www.vysocan.cz\/spravny-sestrih-udela-den-lepsim\/","headline":"Spr\u00e1vn\u00fd sest\u0159ih ud\u011bl\u00e1 den lep\u0161\u00edm","name":"Spr\u00e1vn\u00fd sest\u0159ih ud\u011bl\u00e1 den lep\u0161\u00edm","description":"Kone\u010dky se t\u0159ep\u00ed, d\u00e9lka jakoby se zastavila na ur\u010dit\u00e9m parametru a Vy u\u017e nev\u00edte, co s t\u00edm? T\u0159epen\u00ed kone\u010dk\u016f nen\u00ed pro vlasy moc zdrav\u00e9 a kv\u016fli tomuhle probl\u00e9mu tak\u00e9 d\u00e9lka neodpov\u00edd\u00e1 Va\u0161\u00ed p\u0159edstavivosti. U\u017e nev\u00edte co s t\u00edm a jste zoufal\u00e1? Existuje \u0159e\u0161en\u00ed, kter\u00e9 by V\u00e1m mohlo ur\u010dit\u011b pomoci. Zajd\u011bte si ke kade\u0159n\u00edkovi a nechte [&hellip;]","datePublished":"2024-12-05","dateModified":"2024-12-05","author":{"@type":"Person","@id":"https:\/\/www.vysocan.cz\/author\/#Person","name":"","url":"https:\/\/www.vysocan.cz\/author\/","identifier":1,"image":{"@type":"ImageObject","@id":"https:\/\/secure.gravatar.com\/avatar\/13dbcc20b7c05fcb5c4a6b0bee5a7107a0aae9238a83a4088a42d170780b2eca?s=96&d=mm&r=g","url":"https:\/\/secure.gravatar.com\/avatar\/13dbcc20b7c05fcb5c4a6b0bee5a7107a0aae9238a83a4088a42d170780b2eca?s=96&d=mm&r=g","height":96,"width":96}},"publisher":{"@type":"Organization","name":"vysocan.cz","logo":{"@type":"ImageObject","@id":"\/logo.png","url":"\/logo.png","width":600,"height":60}},"url":"https:\/\/www.vysocan.cz\/spravny-sestrih-udela-den-lepsim\/","wordCount":177,"articleBody":"Kone\u010dky se t\u0159ep\u00ed, d\u00e9lka jakoby se zastavila na ur\u010dit\u00e9m parametru a Vy u\u017e nev\u00edte, co s t\u00edm? T\u0159epen\u00ed kone\u010dk\u016f nen\u00ed pro vlasy moc zdrav\u00e9 a kv\u016fli tomuhle probl\u00e9mu tak\u00e9 d\u00e9lka neodpov\u00edd\u00e1 Va\u0161\u00ed p\u0159edstavivosti. U\u017e nev\u00edte co s t\u00edm a jste zoufal\u00e1? Existuje \u0159e\u0161en\u00ed, kter\u00e9 by V\u00e1m mohlo ur\u010dit\u011b pomoci. Zajd\u011bte si ke kade\u0159n\u00edkovi a nechte se p\u0159ekvapit. U\u017e dost utr\u00e1cen\u00ed za zbyte\u010dn\u00e9 p\u0159\u00edpravky V\u0161ude v reklam\u00e1ch hl\u00e1s\u00ed r\u016fzn\u00e9 p\u0159\u00edpravky, kter\u00e9 by V\u00e1m mohly pomoci, ale jak je jist\u011b zn\u00e1mo, v\u011bt\u0161inou to ani nepom\u00e1h\u00e1. Ov\u0161em, existuje metoda, kter\u00e1 sice nen\u00ed jedna z nejlevn\u011bj\u0161\u00edch, ale p\u0159estanete tak utr\u00e1cet za zbyte\u010dn\u00e1 s\u00e9ra. Prodlu\u017eov\u00e1n\u00ed vlas\u016f je jedna z metod, kterou u\u017e vyzkou\u0161ela \u0159ada \u017een. Kupodivu je natolik \u00fa\u010dinn\u00e1, \u017ee si ji okam\u017eit\u011b zamilujete a mo\u017en\u00e1 i na ni ned\u00e1te dopustit.                                                                                                                                                                                                                                                                                                                                                                                        5\/5 - (3 votes)        "},{"@context":"https:\/\/schema.org\/","@type":"BreadcrumbList","itemListElement":[{"@type":"ListItem","position":1,"name":"Spr\u00e1vn\u00fd sest\u0159ih ud\u011bl\u00e1 den lep\u0161\u00edm","item":"https:\/\/www.vysocan.cz\/spravny-sestrih-udela-den-lepsim\/#breadcrumbitem"}]}]