[{"@context":"https:\/\/schema.org\/","@type":"Article","@id":"https:\/\/www.vysocan.cz\/pravidelny-uklid-kancelari-prispiva-i-k-vetsi-psychicke-pohode\/#Article","mainEntityOfPage":"https:\/\/www.vysocan.cz\/pravidelny-uklid-kancelari-prispiva-i-k-vetsi-psychicke-pohode\/","headline":"Pravideln\u00fd \u00faklid kancel\u00e1\u0159\u00ed p\u0159isp\u00edv\u00e1 i k v\u011bt\u0161\u00ed psychick\u00e9 pohod\u011b","name":"Pravideln\u00fd \u00faklid kancel\u00e1\u0159\u00ed p\u0159isp\u00edv\u00e1 i k v\u011bt\u0161\u00ed psychick\u00e9 pohod\u011b","description":"Zn\u00e1te tu p\u0159ihlouplou pr\u016fpov\u00eddku, \u017ee \u201einteligent zvl\u00e1d\u00e1 chaos, a \u017ee po\u0159\u00e1dek je jen pro hlup\u00e1ky\u201c? Ve skute\u010dnosti je to pr\u00e1v\u011b naopak a chaos, \u0161p\u00edna a nepo\u0159\u00e1dek jsou jen d\u016fkazem vlastn\u00ed neschopnosti v\u00e9st rozumn\u00fd, pozitivn\u011b lad\u011bn\u00fd \u017eivot. Projevuje se to nejen v dom\u00e1cnosti, ale i na pracovi\u0161ti, a zvl\u00e1\u0161t\u011b tam m\u00e1 pravideln\u00fd \u00faklid obrovsk\u00fd v\u00fdznam i [&hellip;]","datePublished":"2025-02-14","dateModified":"2025-02-14","author":{"@type":"Person","@id":"https:\/\/www.vysocan.cz\/author\/#Person","name":"","url":"https:\/\/www.vysocan.cz\/author\/","identifier":1,"image":{"@type":"ImageObject","@id":"https:\/\/secure.gravatar.com\/avatar\/13dbcc20b7c05fcb5c4a6b0bee5a7107a0aae9238a83a4088a42d170780b2eca?s=96&d=mm&r=g","url":"https:\/\/secure.gravatar.com\/avatar\/13dbcc20b7c05fcb5c4a6b0bee5a7107a0aae9238a83a4088a42d170780b2eca?s=96&d=mm&r=g","height":96,"width":96}},"publisher":{"@type":"Organization","name":"vysocan.cz","logo":{"@type":"ImageObject","@id":"\/logo.png","url":"\/logo.png","width":600,"height":60}},"image":{"@type":"ImageObject","@id":"https:\/\/www.vysocan.cz\/wp-content\/uploads\/pexels-tima-miroshnichenko-6197107_1.jpg","url":"https:\/\/www.vysocan.cz\/wp-content\/uploads\/pexels-tima-miroshnichenko-6197107_1.jpg","height":0,"width":0},"url":"https:\/\/www.vysocan.cz\/pravidelny-uklid-kancelari-prispiva-i-k-vetsi-psychicke-pohode\/","about":["Slu\u017eby"],"wordCount":406,"articleBody":"        Zn\u00e1te tu p\u0159ihlouplou pr\u016fpov\u00eddku, \u017ee \u201einteligent zvl\u00e1d\u00e1 chaos, a \u017ee po\u0159\u00e1dek je jen pro hlup\u00e1ky\u201c? Ve skute\u010dnosti je to pr\u00e1v\u011b naopak a chaos, \u0161p\u00edna a nepo\u0159\u00e1dek jsou jen d\u016fkazem vlastn\u00ed neschopnosti v\u00e9st rozumn\u00fd, pozitivn\u011b lad\u011bn\u00fd \u017eivot. Projevuje se to nejen v dom\u00e1cnosti, ale i na pracovi\u0161ti, a zvl\u00e1\u0161t\u011b tam m\u00e1 pravideln\u00fd \u00faklid obrovsk\u00fd v\u00fdznam i pro kvalitu mezilidsk\u00fdch vztah\u016f a samotn\u00e9 odv\u00e1d\u011bn\u00e9 pr\u00e1ce. \u00daklidov\u00e1 firma to vezme z gruntuJestli\u017ee pov\u011b\u0159\u00edte \u00faklidem kancel\u00e1\u0159\u00ed v Praze 4 profesion\u00e1ly, ti to vezmou (nebo by alespo\u0148 m\u011bli vz\u00edt) z gruntu a postaraj\u00ed se o precizn\u00ed \u00faklid tak, jak by to m\u011blo b\u00fdt. Co je sou\u010d\u00e1st\u00ed \u00faklidov\u00fdch prac\u00ed v kancel\u00e1\u0159\u00edch?Vezmeme to od podlahy \u2013 podlahov\u00e9 krytiny b\u00fdvaj\u00ed pr\u00e1v\u011b v kancel\u00e1\u0159\u00edch nejv\u00edce zasa\u017eenou oblast\u00ed, co se t\u00fd\u010de ne\u010distot. P\u0159edpokl\u00e1d\u00e1 se, \u017ee se tu lid\u00e9 mohou sice p\u0159ezouvat do p\u0159ez\u016fvek, ale do m\u00edstnosti vstupuj\u00ed v civiln\u00ed obuvi, na jejich\u017e podr\u00e1\u017ek\u00e1ch mohou nanosit do vnit\u0159n\u00edch prostor prach, hl\u00ednu, p\u00edsek atd. Podlahy je t\u0159eba denn\u011b vyt\u00edrat, p\u0159\u00edpadn\u011b luxovat koberce. Jednou za \u010das se tak\u00e9 koberce mus\u00ed \u010distit speci\u00e1ln\u00edm strojem.Psac\u00ed stoly jsou va\u0161\u00ed vizitkou \u2013 chaos a \u0161p\u00edna na psac\u00edm stole nen\u00ed dobrou vizitkou a va\u0161e p\u0159\u00edpadn\u00e9 klienty to m\u016f\u017ee sp\u00ed\u0161e odradit od dal\u0161\u00ed spolupr\u00e1ce, ne\u017e v n\u00ed setrvat. Chuchvalce prachu, mastnota od sva\u010diny, krou\u017eky od hrnku s k\u00e1vou a drobky od rohl\u00edku jasn\u011b prozrad\u00ed, \u017ee tady se to s \u00faklidem nijak nep\u0159eh\u00e1n\u00ed, a \u017ee lidem na tomto pracovi\u0161ti je to v z\u00e1sad\u011b jedno.To ostatn\u00ed \u2013 \u00faklidov\u00e9 pr\u00e1ce tak\u00e9 zahrnuj\u00ed vysyp\u00e1v\u00e1n\u00ed odpadkov\u00fdch ko\u0161\u016f, myt\u00ed dve\u0159\u00ed, oken, sv\u00edtidel, vyp\u00edna\u010d\u016f a dal\u0161\u00edho n\u00e1bytku. \u010cas od \u010dasu by se m\u011bl prov\u00e9st gener\u00e1ln\u00ed \u00faklid, tedy vygruntuje se cel\u00fd prostor d\u016fkladn\u011bji, ne\u017e p\u0159i b\u011b\u017en\u00e9m \u00faklidu &#8211; odsune se n\u00e1bytek, zajede se v\u00edce do roh\u016f a vy\u010dist\u00ed to, co se v pr\u016fb\u011bhu roku sp\u00ed\u0161e zanedbalo. Je-li \u00faklidov\u00e1 firma precizn\u00ed, nebude d\u016fvod ji m\u011bnit za jinou a \u00faklidov\u00e9 pr\u00e1ce pak m\u016f\u017eete klidn\u011b pustit z hlavy.                                                                                                                                                                                                                                                                                                                                                                                          5\/5 - (3 votes)        "},{"@context":"https:\/\/schema.org\/","@type":"BreadcrumbList","itemListElement":[{"@type":"ListItem","position":1,"name":"Pravideln\u00fd \u00faklid kancel\u00e1\u0159\u00ed p\u0159isp\u00edv\u00e1 i k v\u011bt\u0161\u00ed psychick\u00e9 pohod\u011b","item":"https:\/\/www.vysocan.cz\/pravidelny-uklid-kancelari-prispiva-i-k-vetsi-psychicke-pohode\/#breadcrumbitem"}]}]