[{"@context":"https:\/\/schema.org\/","@type":"Article","@id":"https:\/\/www.vysocan.cz\/novy-interier\/#Article","mainEntityOfPage":"https:\/\/www.vysocan.cz\/novy-interier\/","headline":"Nov\u00fd interi\u00e9r","name":"Nov\u00fd interi\u00e9r","description":"Ud\u011blat nebo vybudovat opravdu kr\u00e1sn\u00fd interi\u00e9r, tak pro n\u011bkoho to m\u016f\u017ee b\u00fdt velice n\u00e1ro\u010dn\u00e9. J\u00e1 sama bych tak\u00e9 cht\u011bla velikou zm\u011bnu interi\u00e9ru. Nav\u00edc m\u00e1me opravdu starou a u\u017e nep\u011bknou kuchyni a \u0159ekla jsem si, \u017ee by nebylo na \u0161kodu, kdybychom si tak\u00e9 pozvali n\u011bjak\u00e9ho interi\u00e9rov\u00e9ho poradce. N\u011bjak\u00e9ho design\u00e9ra nebo tak\u00e9 interi\u00e9rov\u00e9ho architekta, proto\u017ee ti v\u00e1m [&hellip;]","datePublished":"2025-12-20","dateModified":"2025-12-20","author":{"@type":"Person","@id":"https:\/\/www.vysocan.cz\/author\/#Person","name":"","url":"https:\/\/www.vysocan.cz\/author\/","identifier":1,"image":{"@type":"ImageObject","@id":"https:\/\/secure.gravatar.com\/avatar\/13dbcc20b7c05fcb5c4a6b0bee5a7107a0aae9238a83a4088a42d170780b2eca?s=96&d=mm&r=g","url":"https:\/\/secure.gravatar.com\/avatar\/13dbcc20b7c05fcb5c4a6b0bee5a7107a0aae9238a83a4088a42d170780b2eca?s=96&d=mm&r=g","height":96,"width":96}},"publisher":{"@type":"Organization","name":"vysocan.cz","logo":{"@type":"ImageObject","@id":"\/logo.png","url":"\/logo.png","width":600,"height":60}},"image":{"@type":"ImageObject","@id":"https:\/\/www.vysocan.cz\/wp-content\/uploads\/brushes-3129361_640.jpg","url":"https:\/\/www.vysocan.cz\/wp-content\/uploads\/brushes-3129361_640.jpg","height":0,"width":0},"url":"https:\/\/www.vysocan.cz\/novy-interier\/","about":["D\u016fm a byt"],"wordCount":435,"articleBody":"      Ud\u011blat nebo vybudovat opravdu kr\u00e1sn\u00fd interi\u00e9r, tak pro n\u011bkoho to m\u016f\u017ee b\u00fdt velice n\u00e1ro\u010dn\u00e9. J\u00e1 sama bych tak\u00e9 cht\u011bla velikou zm\u011bnu interi\u00e9ru. Nav\u00edc m\u00e1me opravdu starou a u\u017e nep\u011bknou kuchyni a \u0159ekla jsem si, \u017ee by nebylo na \u0161kodu, kdybychom si tak\u00e9 pozvali n\u011bjak\u00e9ho interi\u00e9rov\u00e9ho poradce. N\u011bjak\u00e9ho design\u00e9ra nebo tak\u00e9 interi\u00e9rov\u00e9ho architekta, proto\u017ee ti v\u00e1m pomohou s t\u00edm, kdy\u017e si nev\u00edte rady, jak na v\u00e1\u0161 interi\u00e9r. Samoz\u0159ejm\u011b, \u017ee si m\u016f\u017eete pozvat odborn\u00edka a experta i na exteri\u00e9r.Tady z\u00e1le\u017e\u00ed u\u017e na v\u00e1s, co chcete zm\u011bnit, pokud t\u0159eba chcete zm\u011bnit z\u00e1rove\u0148 i zahradu nebo jenom interi\u00e9r a tak podobn\u011b. Mysl\u00edm si, \u017ee kdy\u017e si zavol\u00e1te interi\u00e9rov\u00e9ho specialistu, tak v\u00e1m porad\u00ed, abyste si ur\u010dit\u011b po\u0159\u00eddili n\u011bjak\u00e9 kr\u00e1sn\u00e9 sk\u0159\u00edn\u011b na m\u00edru. Tyto sk\u0159\u00edn\u011b na m\u00edru jsou opravdu kvalitn\u00ed a vyplat\u00ed se v\u00e1\u017en\u011b ka\u017ed\u00e9mu, proto\u017ee jedin\u011b sk\u0159\u00edn\u011b na m\u00edru v\u00e1m dok\u00e1\u017ee u\u0161et\u0159it opravdu spoustu m\u00edsta. Sice ano, je to o n\u011bco dra\u017e\u0161\u00ed ne\u017e klasick\u00e9 sk\u0159\u00edn\u011b, kter\u00e9 si u\u017e koup\u00edte hotov\u00e9, nap\u0159\u00edklad z internetu nebo z obchodu, ale zase tyto sk\u0159\u00edn\u011b na m\u00edru v\u00e1m u\u0161et\u0159\u00ed spoustu \u010dasu, jsou velice praktick\u00e9. Nav\u00edc jsou tak\u00e9 z kvalitn\u00edho materi\u00e1lu. Tak\u00e9 bych doporu\u010dovala, abyste si to v\u017edy kupovali z n\u011bjak\u00e9ho kvalitn\u00edho masivu.Pokud ale chcete nav\u0161t\u00edvit interi\u00e9rov\u00e9 studio, tak rozhodn\u011b nev\u00e1hejte a vyzkou\u0161ejte to, proto\u017ee v interi\u00e9rov\u00e9m studiu nebo v showroomu m\u016f\u017eete z\u00edskat n\u011bjakou m\u00fazu a budete v\u011bd\u011bt, co byste tak dom\u016f cht\u011bli. Jestli byste cht\u011bli n\u011bco v \u00fapln\u00e9 modern\u011b? Nebo n\u011bco v retro stylu? Tohle samoz\u0159ejm\u011b u\u017e z\u00e1le\u017e\u00ed na ka\u017ed\u00e9m, pro co se rozhodne nebo na \u010dem se s rodinou doma domluv\u00ed. Je toho opravdu hodn\u011b na v\u00fdb\u011br. Interi\u00e9rov\u00e9 studio bydesign.cz m\u016f\u017eete nav\u0161t\u00edvit t\u00e9m\u011b\u0159 v ka\u017ed\u00e9m m\u011bst\u011b a mysl\u00edm si, \u017ee v ka\u017ed\u00e9m m\u011bst\u011b bude opravdu kr\u00e1sn\u00e9 interi\u00e9rov\u00e9 studio. J\u00e1 sama jsem u\u017e n\u011bkolik nav\u0161t\u00edvila a poka\u017ed\u00e9 se mi tam moc l\u00edbilo. Ur\u010dit\u011b neud\u011bl\u00e1te chybu, kdy\u017e i vy se p\u016fjdete nez\u00e1vazn\u011b pod\u00edvat.                                                                                                                                                                                                                                                                                                                                                                                           4\/5 - (1 vote)        "},{"@context":"https:\/\/schema.org\/","@type":"BreadcrumbList","itemListElement":[{"@type":"ListItem","position":1,"name":"Nov\u00fd interi\u00e9r","item":"https:\/\/www.vysocan.cz\/novy-interier\/#breadcrumbitem"}]}]