[{"@context":"https:\/\/schema.org\/","@type":"Article","@id":"https:\/\/www.vysocan.cz\/jak-letos-potesit-nasi-planetu-nejen-ekologickym-balicim-papirem\/#Article","mainEntityOfPage":"https:\/\/www.vysocan.cz\/jak-letos-potesit-nasi-planetu-nejen-ekologickym-balicim-papirem\/","headline":"Jak letos pot\u011b\u0161it na\u0161\u00ed planetu? Nejen ekologick\u00fdm balic\u00edm pap\u00edrem.","name":"Jak letos pot\u011b\u0161it na\u0161\u00ed planetu? Nejen ekologick\u00fdm balic\u00edm pap\u00edrem.","description":"Jin\u00fd balic\u00ed pap\u00edr T\u00e9m\u011b\u0159 v ka\u017ed\u00e9 drogerii u\u017e se d\u00e1 po\u0159\u00eddit ekologick\u00fd balic\u00ed pap\u00edr. Nen\u00ed tak pestrobarevn\u00fd jako ten klasick\u00fd, nicm\u00e9n\u011b je vyroben z pou\u017eit\u00e9ho a vyt\u0159\u00edd\u011bn\u00e9ho pap\u00edru. Proto letos m\u016f\u017eete obdarovat i na\u0161i planetu t\u00edm, \u017ee koup\u00edte recyklovan\u00fd pap\u00edr. V\u011bt\u0161inou je hn\u011bd\u00fd a v kombinaci s oby\u010dejn\u00fdm prov\u00e1zkem m\u00edsto ma\u0161le budou va\u0161e d\u00e1rky origin\u00e1ln\u00ed [&hellip;]","datePublished":"2020-11-16","dateModified":"2023-05-31","author":{"@type":"Person","@id":"https:\/\/www.vysocan.cz\/author\/#Person","name":"","url":"https:\/\/www.vysocan.cz\/author\/","identifier":1,"image":{"@type":"ImageObject","@id":"https:\/\/secure.gravatar.com\/avatar\/13dbcc20b7c05fcb5c4a6b0bee5a7107a0aae9238a83a4088a42d170780b2eca?s=96&d=mm&r=g","url":"https:\/\/secure.gravatar.com\/avatar\/13dbcc20b7c05fcb5c4a6b0bee5a7107a0aae9238a83a4088a42d170780b2eca?s=96&d=mm&r=g","height":96,"width":96}},"publisher":{"@type":"Organization","name":"vysocan.cz","logo":{"@type":"ImageObject","@id":"\/logo.png","url":"\/logo.png","width":600,"height":60}},"image":{"@type":"ImageObject","@id":"https:\/\/www.vysocan.cz\/wp-content\/uploads\/ekologicky_zabaleno.jpg","url":"https:\/\/www.vysocan.cz\/wp-content\/uploads\/ekologicky_zabaleno.jpg","height":0,"width":0},"url":"https:\/\/www.vysocan.cz\/jak-letos-potesit-nasi-planetu-nejen-ekologickym-balicim-papirem\/","about":["N\u00e1kupy"],"wordCount":455,"articleBody":"      Jin\u00fd balic\u00ed pap\u00edrT\u00e9m\u011b\u0159 v ka\u017ed\u00e9 drogerii u\u017e se d\u00e1 po\u0159\u00eddit ekologick\u00fd balic\u00ed pap\u00edr. Nen\u00ed tak pestrobarevn\u00fd jako ten klasick\u00fd, nicm\u00e9n\u011b je vyroben z pou\u017eit\u00e9ho a vyt\u0159\u00edd\u011bn\u00e9ho pap\u00edru. Proto letos m\u016f\u017eete obdarovat i na\u0161i planetu t\u00edm, \u017ee koup\u00edte recyklovan\u00fd pap\u00edr. V\u011bt\u0161inou je hn\u011bd\u00fd a v kombinaci s oby\u010dejn\u00fdm prov\u00e1zkem m\u00edsto ma\u0161le budou va\u0161e d\u00e1rky origin\u00e1ln\u00ed a nezapomenuteln\u00e9. M\u00edsto jmenovek posta\u010d\u00ed napsat tu\u017ekou jm\u00e9no p\u0159\u00edmo na pap\u00edr.Je\u0161t\u011b origin\u00e1ln\u011bj\u0161\u00edUr\u010dit\u011b m\u00e1te doma mnoho pap\u00edr\u016f, mo\u017en\u00e1 v\u00e1m chod\u00ed let\u00e1ky, mo\u017en\u00e1 odeb\u00edr\u00e1te \u010dasopisy. Zkuste si pohr\u00e1t s balen\u00edm d\u00e1rk\u016f a zabalit je do novinov\u00fdch list\u016f. D\u00e1rky budou \u00fa\u017easn\u011b barevn\u00e9 a klidn\u011b m\u016f\u017eete p\u011bkn\u00e9 obr\u00e1zky vyst\u0159ihnout a dolepit je na n\u011b, vytvo\u0159\u00edte vlastn\u011b takov\u00fd 3D efekt. Na d\u00e1rku m\u016f\u017ee sed\u011bt mot\u00fdl, b\u011bhat pes \u010di viset obr\u00e1zek s ozdobami. Vyu\u017eijte i jin\u00fd materi\u00e1l, kter\u00fd najdete doma. Ur\u010dit\u011b v\u00e1m p\u0159i\u0161el n\u011bjak\u00fd bal\u00ed\u010dek, kter\u00fd m\u011bl uvnit\u0159 bublinkovou f\u00f3lii. Pou\u017eijte ji na d\u00e1rek, kter\u00fd pot\u0159ebujete uchr\u00e1nit p\u0159ed rozbit\u00edm. Zn\u00e1te to. D\u011bti se vrhnou pod strome\u010dek a m\u016f\u017ee se lehko st\u00e1t, \u017ee pr\u00e1v\u011b d\u00e1rek, ve kter\u00e9m je sklenice, spadne a rozbije se.I strome\u010dek jde ozdobit jinakPr\u00e1v\u011b leto\u0161n\u00ed V\u00e1noce p\u0159ej\u00ed ekologii. Vrac\u00ed se do m\u00f3dy slam\u011bn\u00e9 ozdoby. Pokud m\u00e1te r\u00e1di p\u0159\u00edrodu a chcete m\u00edt kus doma, ozdobte strome\u010dek pr\u00e1v\u011b ozdobami ze sl\u00e1my. Ur\u010dit\u011b nebudete litovat, proto\u017ee takov\u00fd strome\u010dek jen tak n\u011bkdo nem\u00e1. A dal\u0161\u00ed v\u00fdhodou je jejich nerozbitnost. Obzvl\u00e1\u0161t\u011b pokud m\u00e1te v dom\u00e1cnosti mal\u00e9 d\u011bti, to ocen\u00edte. Kdy\u017e se jim toti\u017e n\u00e1hodou poda\u0159\u00ed strome\u010dek strhnout, nic se nestane. Prost\u011b ho jen postav\u00edte a ozdoby maxim\u00e1ln\u011b trochu porovn\u00e1te. Stejn\u011b tak si m\u016f\u017eete ozdoby vyrobit ze su\u0161en\u00e9ho ovoce, o\u0159ech\u016f a jin\u00fdch p\u0159\u00edrodn\u00edch materi\u00e1l\u016f. To zase ocen\u00ed star\u0161\u00ed d\u011bti, kter\u00e9 v\u00e1m mohou s v\u00fdrobou t\u011bchto ozdob pom\u00e1hat. A radost budete m\u00edt i ze strome\u010dku, kter\u00fd na sob\u011b bude m\u00edt ozdoby z va\u0161eho d\u011btstv\u00ed. P\u0159ipomene v\u00e1m to kouzeln\u00e9 chv\u00edle, kdy\u017e jste netrp\u011bliv\u011b \u010dekali, a\u017e zazvon\u00ed Je\u017e\u00ed\u0161ek a vy kone\u010dn\u011b vyraz\u00edte ke strome\u010dku pro d\u00e1rky.                                                                                                                                                                                                                                                                                                                                                                                          4.1\/5 - (7 votes)        "},{"@context":"https:\/\/schema.org\/","@type":"BreadcrumbList","itemListElement":[{"@type":"ListItem","position":1,"name":"Jak letos pot\u011b\u0161it na\u0161\u00ed planetu? Nejen ekologick\u00fdm balic\u00edm pap\u00edrem.","item":"https:\/\/www.vysocan.cz\/jak-letos-potesit-nasi-planetu-nejen-ekologickym-balicim-papirem\/#breadcrumbitem"}]}]