[{"@context":"https:\/\/schema.org\/","@type":"Article","@id":"https:\/\/www.vysocan.cz\/do-kazdeho-kosmetickeho-salonu\/#Article","mainEntityOfPage":"https:\/\/www.vysocan.cz\/do-kazdeho-kosmetickeho-salonu\/","headline":"Do ka\u017ed\u00e9ho kosmetick\u00e9ho salonu","name":"Do ka\u017ed\u00e9ho kosmetick\u00e9ho salonu","description":"U\u017e n\u011bkolikr\u00e1t od v\u00e1s odch\u00e1zely klientky s t\u00edm, \u017ee by cht\u011bly vyzkou\u0161et n\u011bjakou novinku? \u017de by cht\u011bly poznat nov\u00e9 ple\u0165ov\u00e9 masky, o\u010dn\u00ed kr\u00e9my nebo n\u011bjakou p\u0159\u00edjemnou p\u00e9\u010di o vlasy? R\u00e1da byste jim vyhov\u011bla, ale nev\u00edte, co byste m\u011bla p\u0159esn\u011b zm\u011bnit, aby byly naprosto spokojen\u00e9? Potom bychom v\u00e1m cht\u011bli nab\u00eddnout na\u0161e produkty, proto\u017ee v\u011b\u0159te, \u017ee je [&hellip;]","datePublished":"2024-10-22","dateModified":"2024-10-22","author":{"@type":"Person","@id":"https:\/\/www.vysocan.cz\/author\/#Person","name":"","url":"https:\/\/www.vysocan.cz\/author\/","identifier":1,"image":{"@type":"ImageObject","@id":"https:\/\/secure.gravatar.com\/avatar\/13dbcc20b7c05fcb5c4a6b0bee5a7107a0aae9238a83a4088a42d170780b2eca?s=96&d=mm&r=g","url":"https:\/\/secure.gravatar.com\/avatar\/13dbcc20b7c05fcb5c4a6b0bee5a7107a0aae9238a83a4088a42d170780b2eca?s=96&d=mm&r=g","height":96,"width":96}},"publisher":{"@type":"Organization","name":"vysocan.cz","logo":{"@type":"ImageObject","@id":"\/logo.png","url":"\/logo.png","width":600,"height":60}},"url":"https:\/\/www.vysocan.cz\/do-kazdeho-kosmetickeho-salonu\/","wordCount":240,"articleBody":"U\u017e n\u011bkolikr\u00e1t od v\u00e1s odch\u00e1zely klientky s t\u00edm, \u017ee by cht\u011bly vyzkou\u0161et n\u011bjakou novinku? \u017de by cht\u011bly poznat nov\u00e9 ple\u0165ov\u00e9 masky, o\u010dn\u00ed kr\u00e9my nebo n\u011bjakou p\u0159\u00edjemnou p\u00e9\u010di o vlasy? R\u00e1da byste jim vyhov\u011bla, ale nev\u00edte, co byste m\u011bla p\u0159esn\u011b zm\u011bnit, aby byly naprosto spokojen\u00e9? Potom bychom v\u00e1m cht\u011bli nab\u00eddnout na\u0161e produkty, proto\u017ee v\u011b\u0159te, \u017ee je zaru\u010den\u011b oslov\u00ed profesion\u00e1ln\u00ed kosmetika! Je skute\u010dn\u011b d\u016fle\u017eit\u00e9 sv\u00e9 klientky zaujmout, proto\u017ee jedin\u011b tak si je udr\u017e\u00edte v pln\u00e9 spokojenosti a budou se k v\u00e1m radostn\u011b vracet poka\u017ed\u00e9, kdy\u017e se budou cht\u00edt nechat zkr\u00e1\u0161lit.Kvalitn\u00ed produkty pro va\u0161e klientkyV\u0161echny produkty, kter\u00e9 u n\u00e1s m\u016f\u017eete naj\u00edt, budou skute\u010dn\u011b vysoce kvalitn\u00ed a m\u016f\u017eete se t\u011b\u0161it tak\u00e9 na mimo\u0159\u00e1dn\u00e9 a speci\u00e1ln\u00ed nab\u00eddky. Kdybyste se cht\u011bla jen porozhl\u00e9dnout, kter\u00e9 produkty v\u00e1m m\u016f\u017eeme nab\u00eddnout, ur\u010dit\u011b se pod\u00edvejte na na\u0161e webov\u00e9 str\u00e1nky, kde objev\u00edte v\u0161echny kategorie. A\u0165 u\u017e budete cht\u00edt p\u0159\u00edpravky na vlasy, na nehty nebo se v\u00e1m bude hodit sp\u00ed\u0161e n\u011bjak\u00e1 ple\u0165ov\u00e1 maska, kterou byste mohla nab\u00eddnout sv\u00fdm klientk\u00e1m, ur\u010dit\u011b nev\u00e1hejte a nakupte si u n\u00e1s.                                                                                                                                                                                                                                                                                                                                                                                        4.7\/5 - (3 votes)        "},{"@context":"https:\/\/schema.org\/","@type":"BreadcrumbList","itemListElement":[{"@type":"ListItem","position":1,"name":"Do ka\u017ed\u00e9ho kosmetick\u00e9ho salonu","item":"https:\/\/www.vysocan.cz\/do-kazdeho-kosmetickeho-salonu\/#breadcrumbitem"}]}]